{"id":987936,"date":"2026-02-20T10:00:00","date_gmt":"2026-02-20T08:00:00","guid":{"rendered":"https:\/\/lett.ubbcluj.ro\/sembazuru\/de-ziua-lecturii-florina-ilis-invitata-la-biblioteca-judeteana-octavian-goga\/"},"modified":"2026-08-23T13:55:37","modified_gmt":"2026-08-23T10:55:37","slug":"de-ziua-lecturii-florina-ilis-invitata-la-biblioteca-judeteana-octavian-goga","status":"publish","type":"post","link":"https:\/\/lett.ubbcluj.ro\/sembazuru\/de-ziua-lecturii-florina-ilis-invitata-la-biblioteca-judeteana-octavian-goga\/","title":{"rendered":"De Ziua lecturii, Florina Ilis invitat\u0103 la Biblioteca Jude\u0163ean\u0103 \u201eOctavian Goga&#8221;"},"content":{"rendered":"<div class=\"vgblk-rw-wrapper limit-wrapper\">\n<p>De Ziua lecturii, Florina Ilis invitat\u0103 la Biblioteca Jude\u0163ean\u0103 \u201eOctavian Goga&quot;<\/p>\n<div class=\"event-gallery\"><img decoding=\"async\" src=\"https:\/\/lett.ubbcluj.ro\/sembazuru\/images\/even_februarie2026_1_Foto1.jpg\" alt=\"\" style=\"max-width:100%;height:auto;margin:10px 0\" \/><img decoding=\"async\" src=\"https:\/\/lett.ubbcluj.ro\/sembazuru\/images\/even_februarie2026_1_Foto2.jpg\" alt=\"\" style=\"max-width:100%;height:auto;margin:10px 0\" \/><img decoding=\"async\" src=\"https:\/\/lett.ubbcluj.ro\/sembazuru\/images\/even_februarie2026_1_Foto3.jpg\" alt=\"\" style=\"max-width:100%;height:auto;margin:10px 0\" \/><img decoding=\"async\" src=\"https:\/\/lett.ubbcluj.ro\/sembazuru\/images\/even_februarie2026_1_Foto4.jpg\" alt=\"\" style=\"max-width:100%;height:auto;margin:10px 0\" \/><img decoding=\"async\" src=\"https:\/\/lett.ubbcluj.ro\/sembazuru\/images\/even_februarie2026_1_Foto5.jpg\" alt=\"\" style=\"max-width:100%;height:auto;margin:10px 0\" \/><\/div>\n<\/div>\n<p><!-- .vgblk-rw-wrapper --><\/p>\n","protected":false},"excerpt":{"rendered":"<p>De Ziua lecturii, Florina Ilis invitat\u0103 la Biblioteca Jude\u0163ean\u0103 \u201eOctavian Goga&quot;<\/p>\n","protected":false},"author":1,"featured_media":987937,"comment_status":"closed","ping_status":"closed","sticky":false,"template":"","format":"standard","meta":{"footnotes":""},"categories":[91,92],"tags":[],"class_list":["post-987936","post","type-post","status-publish","format-standard","has-post-thumbnail","hentry","category-evenimente-activitati","category-evenimente-2026"],"_links":{"self":[{"href":"https:\/\/lett.ubbcluj.ro\/sembazuru\/wp-json\/wp\/v2\/posts\/987936","targetHints":{"allow":["GET"]}}],"collection":[{"href":"https:\/\/lett.ubbcluj.ro\/sembazuru\/wp-json\/wp\/v2\/posts"}],"about":[{"href":"https:\/\/lett.ubbcluj.ro\/sembazuru\/wp-json\/wp\/v2\/types\/post"}],"author":[{"embeddable":true,"href":"https:\/\/lett.ubbcluj.ro\/sembazuru\/wp-json\/wp\/v2\/users\/1"}],"replies":[{"embeddable":true,"href":"https:\/\/lett.ubbcluj.ro\/sembazuru\/wp-json\/wp\/v2\/comments?post=987936"}],"version-history":[{"count":1,"href":"https:\/\/lett.ubbcluj.ro\/sembazuru\/wp-json\/wp\/v2\/posts\/987936\/revisions"}],"predecessor-version":[{"id":991321,"href":"https:\/\/lett.ubbcluj.ro\/sembazuru\/wp-json\/wp\/v2\/posts\/987936\/revisions\/991321"}],"wp:featuredmedia":[{"embeddable":true,"href":"https:\/\/lett.ubbcluj.ro\/sembazuru\/wp-json\/wp\/v2\/media\/987937"}],"wp:attachment":[{"href":"https:\/\/lett.ubbcluj.ro\/sembazuru\/wp-json\/wp\/v2\/media?parent=987936"}],"wp:term":[{"taxonomy":"category","embeddable":true,"href":"https:\/\/lett.ubbcluj.ro\/sembazuru\/wp-json\/wp\/v2\/categories?post=987936"},{"taxonomy":"post_tag","embeddable":true,"href":"https:\/\/lett.ubbcluj.ro\/sembazuru\/wp-json\/wp\/v2\/tags?post=987936"}],"curies":[{"name":"wp","href":"https:\/\/api.w.org\/{rel}","templated":true}]}}