{"id":987938,"date":"2026-01-23T10:00:00","date_gmt":"2026-01-23T08:00:00","guid":{"rendered":"https:\/\/lett.ubbcluj.ro\/sembazuru\/de-ziua-internationala-a-scrisului-de-mana-rodica-frentiu-la-prim-plan-obiectiv_tvr-cluj\/"},"modified":"2026-08-23T13:55:37","modified_gmt":"2026-08-23T10:55:37","slug":"de-ziua-internationala-a-scrisului-de-mana-rodica-frentiu-la-prim-plan-obiectiv_tvr-cluj","status":"publish","type":"post","link":"https:\/\/lett.ubbcluj.ro\/sembazuru\/de-ziua-internationala-a-scrisului-de-mana-rodica-frentiu-la-prim-plan-obiectiv_tvr-cluj\/","title":{"rendered":"De Ziua interna\u021bional\u0103 a scrisului de m\u00e2n\u0103, Rodica Fren\u021biu la PRIM-PLAN OBIECTIV_TVR Cluj"},"content":{"rendered":"<div class=\"vgblk-rw-wrapper limit-wrapper\">\n<p>De Ziua interna\u021bional\u0103 a scrisului de m\u00e2n\u0103, Rodica Fren\u021biu la PRIM-PLAN OBIECTIV_TVR Cluj<\/p>\n<div style=\"position:relative;padding-bottom:56.25%;height:0;overflow:hidden;max-width:100%;margin:20px 0\"><\/div>\n<\/div>\n<p><!-- .vgblk-rw-wrapper --><\/p>\n","protected":false},"excerpt":{"rendered":"<p>De Ziua interna\u021bional\u0103 a scrisului de m\u00e2n\u0103, Rodica Fren\u021biu la PRIM-PLAN OBIECTIV_TVR Cluj<\/p>\n","protected":false},"author":1,"featured_media":987763,"comment_status":"closed","ping_status":"closed","sticky":false,"template":"","format":"standard","meta":{"footnotes":""},"categories":[91,92],"tags":[],"class_list":["post-987938","post","type-post","status-publish","format-standard","has-post-thumbnail","hentry","category-evenimente-activitati","category-evenimente-2026"],"_links":{"self":[{"href":"https:\/\/lett.ubbcluj.ro\/sembazuru\/wp-json\/wp\/v2\/posts\/987938","targetHints":{"allow":["GET"]}}],"collection":[{"href":"https:\/\/lett.ubbcluj.ro\/sembazuru\/wp-json\/wp\/v2\/posts"}],"about":[{"href":"https:\/\/lett.ubbcluj.ro\/sembazuru\/wp-json\/wp\/v2\/types\/post"}],"author":[{"embeddable":true,"href":"https:\/\/lett.ubbcluj.ro\/sembazuru\/wp-json\/wp\/v2\/users\/1"}],"replies":[{"embeddable":true,"href":"https:\/\/lett.ubbcluj.ro\/sembazuru\/wp-json\/wp\/v2\/comments?post=987938"}],"version-history":[{"count":3,"href":"https:\/\/lett.ubbcluj.ro\/sembazuru\/wp-json\/wp\/v2\/posts\/987938\/revisions"}],"predecessor-version":[{"id":991320,"href":"https:\/\/lett.ubbcluj.ro\/sembazuru\/wp-json\/wp\/v2\/posts\/987938\/revisions\/991320"}],"wp:featuredmedia":[{"embeddable":true,"href":"https:\/\/lett.ubbcluj.ro\/sembazuru\/wp-json\/wp\/v2\/media\/987763"}],"wp:attachment":[{"href":"https:\/\/lett.ubbcluj.ro\/sembazuru\/wp-json\/wp\/v2\/media?parent=987938"}],"wp:term":[{"taxonomy":"category","embeddable":true,"href":"https:\/\/lett.ubbcluj.ro\/sembazuru\/wp-json\/wp\/v2\/categories?post=987938"},{"taxonomy":"post_tag","embeddable":true,"href":"https:\/\/lett.ubbcluj.ro\/sembazuru\/wp-json\/wp\/v2\/tags?post=987938"}],"curies":[{"name":"wp","href":"https:\/\/api.w.org\/{rel}","templated":true}]}}