{"id":987960,"date":"2025-04-15T10:00:00","date_gmt":"2025-04-15T07:00:00","guid":{"rendered":"https:\/\/lett.ubbcluj.ro\/sembazuru\/lect-dr-oana-birlea-si-lect-dr-ciliana-tudorica-intr-o-mobilitate-de-predare-si-formare-profesionala-erasmus-la-universitatea-ehime-japonia\/"},"modified":"2025-04-15T10:00:00","modified_gmt":"2025-04-15T07:00:00","slug":"lect-dr-oana-birlea-si-lect-dr-ciliana-tudorica-intr-o-mobilitate-de-predare-si-formare-profesionala-erasmus-la-universitatea-ehime-japonia","status":"publish","type":"post","link":"https:\/\/lett.ubbcluj.ro\/sembazuru\/lect-dr-oana-birlea-si-lect-dr-ciliana-tudorica-intr-o-mobilitate-de-predare-si-formare-profesionala-erasmus-la-universitatea-ehime-japonia\/","title":{"rendered":"Lect. dr. Oana B\u00eerlea \u0219i Lect. dr. Ciliana Tudoric\u0103 \u00eentr-o mobilitate de predare \u015fi formare profesional\u0103 Erasmus + la Universitatea Ehime, Japonia"},"content":{"rendered":"<div class=\"vgblk-rw-wrapper limit-wrapper\">\n<p>Lect. dr. Oana B\u00eerlea \u0219i Lect. dr. Ciliana Tudoric\u0103 \u00eentr-o mobilitate de predare \u015fi formare profesional\u0103 Erasmus + la Universitatea Ehime, Japonia<\/p>\n<div class=\"event-gallery\"><img decoding=\"async\" src=\"https:\/\/lett.ubbcluj.ro\/sembazuru\/images\/even_aprilie2025_3_foto1.jpeg\" alt=\"\" style=\"max-width:100%;height:auto;margin:10px 0;\" \/><img decoding=\"async\" src=\"https:\/\/lett.ubbcluj.ro\/sembazuru\/images\/even_aprilie2025_3_foto2.jpg\" alt=\"\" style=\"max-width:100%;height:auto;margin:10px 0;\" \/><img decoding=\"async\" src=\"https:\/\/lett.ubbcluj.ro\/sembazuru\/images\/even_aprilie2025_3_foto3.jpg\" alt=\"\" style=\"max-width:100%;height:auto;margin:10px 0;\" \/><img decoding=\"async\" src=\"https:\/\/lett.ubbcluj.ro\/sembazuru\/images\/even_aprilie2025_3_foto4.jpg\" alt=\"\" style=\"max-width:100%;height:auto;margin:10px 0;\" \/><img decoding=\"async\" src=\"https:\/\/lett.ubbcluj.ro\/sembazuru\/images\/even_aprilie2025_3_foto5.jpeg\" alt=\"\" style=\"max-width:100%;height:auto;margin:10px 0;\" \/><img decoding=\"async\" src=\"https:\/\/lett.ubbcluj.ro\/sembazuru\/images\/even_aprilie2025_3_foto6.jpeg\" alt=\"\" style=\"max-width:100%;height:auto;margin:10px 0;\" \/><img decoding=\"async\" src=\"https:\/\/lett.ubbcluj.ro\/sembazuru\/images\/even_aprilie2025_3_foto7.jpg\" alt=\"\" style=\"max-width:100%;height:auto;margin:10px 0;\" \/><img decoding=\"async\" src=\"https:\/\/lett.ubbcluj.ro\/sembazuru\/images\/even_aprilie2025_3_foto8.jpg\" alt=\"\" style=\"max-width:100%;height:auto;margin:10px 0;\" \/><img decoding=\"async\" src=\"https:\/\/lett.ubbcluj.ro\/sembazuru\/images\/even_aprilie2025_3_foto9.jpg\" alt=\"\" style=\"max-width:100%;height:auto;margin:10px 0;\" \/><img decoding=\"async\" src=\"https:\/\/lett.ubbcluj.ro\/sembazuru\/images\/even_aprilie2025_3_foto10.jpg\" alt=\"\" style=\"max-width:100%;height:auto;margin:10px 0;\" \/><img decoding=\"async\" src=\"https:\/\/lett.ubbcluj.ro\/sembazuru\/images\/even_aprilie2025_3_foto11.jpg\" alt=\"\" style=\"max-width:100%;height:auto;margin:10px 0;\" \/><img decoding=\"async\" src=\"https:\/\/lett.ubbcluj.ro\/sembazuru\/images\/even_aprilie2025_3_foto12.jpeg\" alt=\"\" style=\"max-width:100%;height:auto;margin:10px 0;\" \/><img decoding=\"async\" src=\"https:\/\/lett.ubbcluj.ro\/sembazuru\/images\/even_aprilie2025_3_foto13.jpeg\" alt=\"\" style=\"max-width:100%;height:auto;margin:10px 0;\" \/><\/div>\n<\/div>\n<p><!-- .vgblk-rw-wrapper --><\/p>\n","protected":false},"excerpt":{"rendered":"<p>Lect. dr. Oana B\u00eerlea \u0219i Lect. dr. Ciliana Tudoric\u0103 \u00eentr-o mobilitate de predare \u015fi formare profesional\u0103 Erasmus + la Universitatea Ehime, Japonia<\/p>\n","protected":false},"author":1,"featured_media":987961,"comment_status":"closed","ping_status":"closed","sticky":false,"template":"","format":"standard","meta":{"footnotes":""},"categories":[91,93],"tags":[],"class_list":["post-987960","post","type-post","status-publish","format-standard","has-post-thumbnail","hentry","category-evenimente-activitati","category-evenimente-2025"],"_links":{"self":[{"href":"https:\/\/lett.ubbcluj.ro\/sembazuru\/wp-json\/wp\/v2\/posts\/987960","targetHints":{"allow":["GET"]}}],"collection":[{"href":"https:\/\/lett.ubbcluj.ro\/sembazuru\/wp-json\/wp\/v2\/posts"}],"about":[{"href":"https:\/\/lett.ubbcluj.ro\/sembazuru\/wp-json\/wp\/v2\/types\/post"}],"author":[{"embeddable":true,"href":"https:\/\/lett.ubbcluj.ro\/sembazuru\/wp-json\/wp\/v2\/users\/1"}],"replies":[{"embeddable":true,"href":"https:\/\/lett.ubbcluj.ro\/sembazuru\/wp-json\/wp\/v2\/comments?post=987960"}],"version-history":[{"count":0,"href":"https:\/\/lett.ubbcluj.ro\/sembazuru\/wp-json\/wp\/v2\/posts\/987960\/revisions"}],"wp:featuredmedia":[{"embeddable":true,"href":"https:\/\/lett.ubbcluj.ro\/sembazuru\/wp-json\/wp\/v2\/media\/987961"}],"wp:attachment":[{"href":"https:\/\/lett.ubbcluj.ro\/sembazuru\/wp-json\/wp\/v2\/media?parent=987960"}],"wp:term":[{"taxonomy":"category","embeddable":true,"href":"https:\/\/lett.ubbcluj.ro\/sembazuru\/wp-json\/wp\/v2\/categories?post=987960"},{"taxonomy":"post_tag","embeddable":true,"href":"https:\/\/lett.ubbcluj.ro\/sembazuru\/wp-json\/wp\/v2\/tags?post=987960"}],"curies":[{"name":"wp","href":"https:\/\/api.w.org\/{rel}","templated":true}]}}