{"id":987962,"date":"2025-03-15T10:00:00","date_gmt":"2025-03-15T08:00:00","guid":{"rendered":"https:\/\/lett.ubbcluj.ro\/sembazuru\/articol-publicat-in-ultimul-numar-al-revistei-universitatii-kobe-%e5%9b%bd%e9%9a%9b%e6%96%87%e5%8c%96%e5%ad%a6%e7%a0%94%e7%a9%b6%e7%a7%91%e7%b4%80%e8%a6%81%e7%ac%ac63%e5%8f%b72025-rodica-frentiu\/"},"modified":"2025-03-15T10:00:00","modified_gmt":"2025-03-15T08:00:00","slug":"articol-publicat-in-ultimul-numar-al-revistei-universitatii-kobe-%e5%9b%bd%e9%9a%9b%e6%96%87%e5%8c%96%e5%ad%a6%e7%a0%94%e7%a9%b6%e7%a7%91%e7%b4%80%e8%a6%81%e7%ac%ac63%e5%8f%b72025-rodica-frentiu","status":"publish","type":"post","link":"https:\/\/lett.ubbcluj.ro\/sembazuru\/articol-publicat-in-ultimul-numar-al-revistei-universitatii-kobe-%e5%9b%bd%e9%9a%9b%e6%96%87%e5%8c%96%e5%ad%a6%e7%a0%94%e7%a9%b6%e7%a7%91%e7%b4%80%e8%a6%81%e7%ac%ac63%e5%8f%b72025-rodica-frentiu\/","title":{"rendered":"Articol publicat \u00een ultimul num\u0103r al revistei Universit\u0103\u021bii Kobe \u56fd\u969b\u6587\u5316\u5b66\u7814\u7a76\u79d1\u7d00\u8981\u7b2c63\u53f7(2025): Rodica Fren\u021biu \u300e\u30b8\u30e3\u30d1\u30cb\u30fc\u30ba\u30fb\u30c9\u30ea\u30fc\u30e0\u2015\u4ed6\u8005\u306e\u767a\u898b\u3068\u518d\u767a\u300f(pp. 41-56)"},"content":{"rendered":"<div class=\"vgblk-rw-wrapper limit-wrapper\">\n<p>Articol publicat \u00een ultimul num\u0103r al revistei Universit\u0103\u021bii Kobe \u56fd\u969b\u6587\u5316\u5b66\u7814\u7a76\u79d1\u7d00\u8981\u7b2c63\u53f7(2025): Rodica Fren\u021biu \u300e\u30b8\u30e3\u30d1\u30cb\u30fc\u30ba\u30fb\u30c9\u30ea\u30fc\u30e0\u2015\u4ed6\u8005\u306e\u767a\u898b\u3068\u518d\u767a\u300f(pp. 41-56)<\/p>\n<div class=\"event-gallery\"><img decoding=\"async\" src=\"https:\/\/lett.ubbcluj.ro\/sembazuru\/images\/even_martie2025_2_foto.jpg\" alt=\"\" style=\"max-width:100%;height:auto;margin:10px 0;\" \/><\/div>\n<\/div>\n<p><!-- .vgblk-rw-wrapper --><\/p>\n","protected":false},"excerpt":{"rendered":"<p>Articol publicat \u00een ultimul num\u0103r al revistei Universit\u0103\u021bii Kobe \u56fd\u969b\u6587\u5316\u5b66\u7814\u7a76\u79d1\u7d00\u8981\u7b2c63\u53f7(2025): Rodica Fren\u021biu \u300e\u30b8\u30e3\u30d1\u30cb\u30fc\u30ba\u30fb\u30c9\u30ea\u30fc\u30e0\u2015\u4ed6\u8005\u306e\u767a\u898b\u3068\u518d\u767a\u300f(pp. 41-56)<\/p>\n","protected":false},"author":1,"featured_media":987963,"comment_status":"closed","ping_status":"closed","sticky":false,"template":"","format":"standard","meta":{"footnotes":""},"categories":[91,93],"tags":[],"class_list":["post-987962","post","type-post","status-publish","format-standard","has-post-thumbnail","hentry","category-evenimente-activitati","category-evenimente-2025"],"_links":{"self":[{"href":"https:\/\/lett.ubbcluj.ro\/sembazuru\/wp-json\/wp\/v2\/posts\/987962","targetHints":{"allow":["GET"]}}],"collection":[{"href":"https:\/\/lett.ubbcluj.ro\/sembazuru\/wp-json\/wp\/v2\/posts"}],"about":[{"href":"https:\/\/lett.ubbcluj.ro\/sembazuru\/wp-json\/wp\/v2\/types\/post"}],"author":[{"embeddable":true,"href":"https:\/\/lett.ubbcluj.ro\/sembazuru\/wp-json\/wp\/v2\/users\/1"}],"replies":[{"embeddable":true,"href":"https:\/\/lett.ubbcluj.ro\/sembazuru\/wp-json\/wp\/v2\/comments?post=987962"}],"version-history":[{"count":0,"href":"https:\/\/lett.ubbcluj.ro\/sembazuru\/wp-json\/wp\/v2\/posts\/987962\/revisions"}],"wp:featuredmedia":[{"embeddable":true,"href":"https:\/\/lett.ubbcluj.ro\/sembazuru\/wp-json\/wp\/v2\/media\/987963"}],"wp:attachment":[{"href":"https:\/\/lett.ubbcluj.ro\/sembazuru\/wp-json\/wp\/v2\/media?parent=987962"}],"wp:term":[{"taxonomy":"category","embeddable":true,"href":"https:\/\/lett.ubbcluj.ro\/sembazuru\/wp-json\/wp\/v2\/categories?post=987962"},{"taxonomy":"post_tag","embeddable":true,"href":"https:\/\/lett.ubbcluj.ro\/sembazuru\/wp-json\/wp\/v2\/tags?post=987962"}],"curies":[{"name":"wp","href":"https:\/\/api.w.org\/{rel}","templated":true}]}}