{"id":988005,"date":"2023-03-15T10:00:00","date_gmt":"2023-03-15T08:00:00","guid":{"rendered":"https:\/\/lett.ubbcluj.ro\/sembazuru\/intalniri-intre-generatii-prin-limba-japoneza-studenti-la-centrul-de-zi-pentru-varstnici-st-o-iosif-din-cluj-napoca\/"},"modified":"2026-03-20T01:28:13","modified_gmt":"2026-03-19T23:28:13","slug":"intalniri-intre-generatii-prin-limba-japoneza-studenti-la-centrul-de-zi-pentru-varstnici-st-o-iosif-din-cluj-napoca","status":"publish","type":"post","link":"https:\/\/lett.ubbcluj.ro\/sembazuru\/intalniri-intre-generatii-prin-limba-japoneza-studenti-la-centrul-de-zi-pentru-varstnici-st-o-iosif-din-cluj-napoca\/","title":{"rendered":"\u00cent\u00e2lniri \u00eentre genera\u021bii prin limba japonez\u0103: studen\u021bi la Centrul de zi pentru v\u00e2rstnici \u201eSt. O. Iosif\u201d din Cluj-Napoca"},"content":{"rendered":"<div class=\"vgblk-rw-wrapper limit-wrapper\">\n<p>\u00cent\u00e2lniri \u00eentre genera\u021bii prin limba japonez\u0103: studen\u021bi la Centrul de zi pentru v\u00e2rstnici \u201eSt. O. Iosif\u201d din Cluj-Napoca<\/p>\n<figure><img fetchpriority=\"high\" decoding=\"async\" width=\"800\" height=\"1067\" src=\"https:\/\/lett.ubbcluj.ro\/sembazuru\/wp-content\/uploads\/2023\/03\/even_martie2023_1_foto1.jpg\" alt=\"\" class=\"wp-image-988582\" style=\"max-width:100%;height:auto;\" srcset=\"https:\/\/lett.ubbcluj.ro\/sembazuru\/wp-content\/uploads\/2023\/03\/even_martie2023_1_foto1.jpg 800w, https:\/\/lett.ubbcluj.ro\/sembazuru\/wp-content\/uploads\/2023\/03\/even_martie2023_1_foto1-225x300.jpg 225w, https:\/\/lett.ubbcluj.ro\/sembazuru\/wp-content\/uploads\/2023\/03\/even_martie2023_1_foto1-768x1024.jpg 768w\" sizes=\"(max-width: 800px) 100vw, 800px\" \/><\/figure>\n<figure><img decoding=\"async\" width=\"800\" height=\"600\" src=\"https:\/\/lett.ubbcluj.ro\/sembazuru\/wp-content\/uploads\/2023\/03\/even_martie2023_1_foto2.jpg\" alt=\"\" class=\"wp-image-988583\" style=\"max-width:100%;height:auto;\" srcset=\"https:\/\/lett.ubbcluj.ro\/sembazuru\/wp-content\/uploads\/2023\/03\/even_martie2023_1_foto2.jpg 800w, https:\/\/lett.ubbcluj.ro\/sembazuru\/wp-content\/uploads\/2023\/03\/even_martie2023_1_foto2-300x225.jpg 300w, https:\/\/lett.ubbcluj.ro\/sembazuru\/wp-content\/uploads\/2023\/03\/even_martie2023_1_foto2-768x576.jpg 768w\" sizes=\"(max-width: 800px) 100vw, 800px\" \/><\/figure>\n<figure><img decoding=\"async\" width=\"800\" height=\"600\" src=\"https:\/\/lett.ubbcluj.ro\/sembazuru\/wp-content\/uploads\/2023\/03\/even_martie2023_1_foto3.jpg\" alt=\"\" class=\"wp-image-988584\" style=\"max-width:100%;height:auto;\" srcset=\"https:\/\/lett.ubbcluj.ro\/sembazuru\/wp-content\/uploads\/2023\/03\/even_martie2023_1_foto3.jpg 800w, https:\/\/lett.ubbcluj.ro\/sembazuru\/wp-content\/uploads\/2023\/03\/even_martie2023_1_foto3-300x225.jpg 300w, https:\/\/lett.ubbcluj.ro\/sembazuru\/wp-content\/uploads\/2023\/03\/even_martie2023_1_foto3-768x576.jpg 768w\" sizes=\"(max-width: 800px) 100vw, 800px\" \/><\/figure>\n<figure><img loading=\"lazy\" decoding=\"async\" width=\"800\" height=\"600\" src=\"https:\/\/lett.ubbcluj.ro\/sembazuru\/wp-content\/uploads\/2023\/03\/even_martie2023_1_foto4.jpg\" alt=\"\" class=\"wp-image-988585\" style=\"max-width:100%;height:auto;\" srcset=\"https:\/\/lett.ubbcluj.ro\/sembazuru\/wp-content\/uploads\/2023\/03\/even_martie2023_1_foto4.jpg 800w, https:\/\/lett.ubbcluj.ro\/sembazuru\/wp-content\/uploads\/2023\/03\/even_martie2023_1_foto4-300x225.jpg 300w, https:\/\/lett.ubbcluj.ro\/sembazuru\/wp-content\/uploads\/2023\/03\/even_martie2023_1_foto4-768x576.jpg 768w\" sizes=\"(max-width: 800px) 100vw, 800px\" \/><\/figure>\n<\/div>\n<p><!-- .vgblk-rw-wrapper --><\/p>\n","protected":false},"excerpt":{"rendered":"<p>\u00cent\u00e2lniri \u00eentre genera\u021bii prin limba japonez\u0103: studen\u021bi la Centrul de zi pentru v\u00e2rstnici \u201eSt. O. Iosif\u201d din Cluj-Napoca<\/p>\n","protected":false},"author":1,"featured_media":988582,"comment_status":"closed","ping_status":"closed","sticky":false,"template":"","format":"standard","meta":{"footnotes":""},"categories":[91,95],"tags":[],"class_list":["post-988005","post","type-post","status-publish","format-standard","has-post-thumbnail","hentry","category-evenimente-activitati","category-evenimente-2023"],"_links":{"self":[{"href":"https:\/\/lett.ubbcluj.ro\/sembazuru\/wp-json\/wp\/v2\/posts\/988005","targetHints":{"allow":["GET"]}}],"collection":[{"href":"https:\/\/lett.ubbcluj.ro\/sembazuru\/wp-json\/wp\/v2\/posts"}],"about":[{"href":"https:\/\/lett.ubbcluj.ro\/sembazuru\/wp-json\/wp\/v2\/types\/post"}],"author":[{"embeddable":true,"href":"https:\/\/lett.ubbcluj.ro\/sembazuru\/wp-json\/wp\/v2\/users\/1"}],"replies":[{"embeddable":true,"href":"https:\/\/lett.ubbcluj.ro\/sembazuru\/wp-json\/wp\/v2\/comments?post=988005"}],"version-history":[{"count":2,"href":"https:\/\/lett.ubbcluj.ro\/sembazuru\/wp-json\/wp\/v2\/posts\/988005\/revisions"}],"predecessor-version":[{"id":989419,"href":"https:\/\/lett.ubbcluj.ro\/sembazuru\/wp-json\/wp\/v2\/posts\/988005\/revisions\/989419"}],"wp:featuredmedia":[{"embeddable":true,"href":"https:\/\/lett.ubbcluj.ro\/sembazuru\/wp-json\/wp\/v2\/media\/988582"}],"wp:attachment":[{"href":"https:\/\/lett.ubbcluj.ro\/sembazuru\/wp-json\/wp\/v2\/media?parent=988005"}],"wp:term":[{"taxonomy":"category","embeddable":true,"href":"https:\/\/lett.ubbcluj.ro\/sembazuru\/wp-json\/wp\/v2\/categories?post=988005"},{"taxonomy":"post_tag","embeddable":true,"href":"https:\/\/lett.ubbcluj.ro\/sembazuru\/wp-json\/wp\/v2\/tags?post=988005"}],"curies":[{"name":"wp","href":"https:\/\/api.w.org\/{rel}","templated":true}]}}