{"id":988019,"date":"2021-11-15T10:00:00","date_gmt":"2021-11-15T08:00:00","guid":{"rendered":"https:\/\/lett.ubbcluj.ro\/sembazuru\/rodica-frentiu-caligrafia-japoneza-in-memoria-clipei-cluj-napoca-presa-universitara-clujeana-2021\/"},"modified":"2026-03-20T01:28:18","modified_gmt":"2026-03-19T23:28:18","slug":"rodica-frentiu-caligrafia-japoneza-in-memoria-clipei-cluj-napoca-presa-universitara-clujeana-2021","status":"publish","type":"post","link":"https:\/\/lett.ubbcluj.ro\/sembazuru\/rodica-frentiu-caligrafia-japoneza-in-memoria-clipei-cluj-napoca-presa-universitara-clujeana-2021\/","title":{"rendered":"Rodica Fren\u021biu, Caligrafia japonez\u0103 \u00een memoria clipei (Cluj-Napoca: Presa Universitar\u0103 Clujean\u0103, 2021)"},"content":{"rendered":"<div class=\"vgblk-rw-wrapper limit-wrapper\">\n<p>Rodica Fren\u021biu, Caligrafia japonez\u0103 \u00een memoria clipei (Cluj-Napoca: Presa Universitar\u0103 Clujean\u0103, 2021)<\/p>\n<figure><img fetchpriority=\"high\" decoding=\"async\" width=\"800\" height=\"1213\" src=\"https:\/\/lett.ubbcluj.ro\/sembazuru\/wp-content\/uploads\/2021\/11\/even_noiembrie2021_1_afis.jpg\" alt=\"\" class=\"wp-image-988783\" style=\"max-width:100%;height:auto;\" srcset=\"https:\/\/lett.ubbcluj.ro\/sembazuru\/wp-content\/uploads\/2021\/11\/even_noiembrie2021_1_afis.jpg 800w, https:\/\/lett.ubbcluj.ro\/sembazuru\/wp-content\/uploads\/2021\/11\/even_noiembrie2021_1_afis-198x300.jpg 198w, https:\/\/lett.ubbcluj.ro\/sembazuru\/wp-content\/uploads\/2021\/11\/even_noiembrie2021_1_afis-675x1024.jpg 675w, https:\/\/lett.ubbcluj.ro\/sembazuru\/wp-content\/uploads\/2021\/11\/even_noiembrie2021_1_afis-768x1164.jpg 768w\" sizes=\"(max-width: 800px) 100vw, 800px\" \/><\/figure>\n<figure><img decoding=\"async\" width=\"800\" height=\"553\" src=\"https:\/\/lett.ubbcluj.ro\/sembazuru\/wp-content\/uploads\/2021\/11\/even_iulie2021_2_foto1.jpg\" alt=\"\" class=\"wp-image-988786\" style=\"max-width:100%;height:auto;\" srcset=\"https:\/\/lett.ubbcluj.ro\/sembazuru\/wp-content\/uploads\/2021\/11\/even_iulie2021_2_foto1.jpg 800w, https:\/\/lett.ubbcluj.ro\/sembazuru\/wp-content\/uploads\/2021\/11\/even_iulie2021_2_foto1-300x207.jpg 300w, https:\/\/lett.ubbcluj.ro\/sembazuru\/wp-content\/uploads\/2021\/11\/even_iulie2021_2_foto1-768x531.jpg 768w\" sizes=\"(max-width: 800px) 100vw, 800px\" \/><\/figure>\n<div style=\"position:relative;padding-bottom:56.25%;height:0;overflow:hidden;max-width:100%;margin:20px 0;\"><iframe src=\"https:\/\/www.youtube.com\/embed\/HYtu26GRLWU\" style=\"position:absolute;top:0;left:0;width:100%;height:100%;\" frameborder=\"0\" allowfullscreen><\/iframe><\/div>\n<\/div>\n<p><!-- .vgblk-rw-wrapper --><\/p>\n","protected":false},"excerpt":{"rendered":"<p>Rodica Fren\u021biu, Caligrafia japonez\u0103 \u00een memoria clipei (Cluj-Napoca: Presa Universitar\u0103 Clujean\u0103, 2021)<\/p>\n","protected":false},"author":1,"featured_media":988783,"comment_status":"closed","ping_status":"closed","sticky":false,"template":"","format":"standard","meta":{"footnotes":""},"categories":[91,97],"tags":[],"class_list":["post-988019","post","type-post","status-publish","format-standard","has-post-thumbnail","hentry","category-evenimente-activitati","category-evenimente-2021"],"_links":{"self":[{"href":"https:\/\/lett.ubbcluj.ro\/sembazuru\/wp-json\/wp\/v2\/posts\/988019","targetHints":{"allow":["GET"]}}],"collection":[{"href":"https:\/\/lett.ubbcluj.ro\/sembazuru\/wp-json\/wp\/v2\/posts"}],"about":[{"href":"https:\/\/lett.ubbcluj.ro\/sembazuru\/wp-json\/wp\/v2\/types\/post"}],"author":[{"embeddable":true,"href":"https:\/\/lett.ubbcluj.ro\/sembazuru\/wp-json\/wp\/v2\/users\/1"}],"replies":[{"embeddable":true,"href":"https:\/\/lett.ubbcluj.ro\/sembazuru\/wp-json\/wp\/v2\/comments?post=988019"}],"version-history":[{"count":3,"href":"https:\/\/lett.ubbcluj.ro\/sembazuru\/wp-json\/wp\/v2\/posts\/988019\/revisions"}],"predecessor-version":[{"id":989435,"href":"https:\/\/lett.ubbcluj.ro\/sembazuru\/wp-json\/wp\/v2\/posts\/988019\/revisions\/989435"}],"wp:featuredmedia":[{"embeddable":true,"href":"https:\/\/lett.ubbcluj.ro\/sembazuru\/wp-json\/wp\/v2\/media\/988783"}],"wp:attachment":[{"href":"https:\/\/lett.ubbcluj.ro\/sembazuru\/wp-json\/wp\/v2\/media?parent=988019"}],"wp:term":[{"taxonomy":"category","embeddable":true,"href":"https:\/\/lett.ubbcluj.ro\/sembazuru\/wp-json\/wp\/v2\/categories?post=988019"},{"taxonomy":"post_tag","embeddable":true,"href":"https:\/\/lett.ubbcluj.ro\/sembazuru\/wp-json\/wp\/v2\/tags?post=988019"}],"curies":[{"name":"wp","href":"https:\/\/api.w.org\/{rel}","templated":true}]}}