{"id":988020,"date":"2021-06-15T10:00:00","date_gmt":"2021-06-15T07:00:00","guid":{"rendered":"https:\/\/lett.ubbcluj.ro\/sembazuru\/1-iunie-impreuna-cu-copiii-de-la-casuta-bucuriei\/"},"modified":"2026-03-20T01:28:18","modified_gmt":"2026-03-19T23:28:18","slug":"1-iunie-impreuna-cu-copiii-de-la-casuta-bucuriei","status":"publish","type":"post","link":"https:\/\/lett.ubbcluj.ro\/sembazuru\/1-iunie-impreuna-cu-copiii-de-la-casuta-bucuriei\/","title":{"rendered":"1 iunie &#8211; \u00eempreun\u0103 cu copiii de la C\u0103su\u021ba Bucuriei"},"content":{"rendered":"<div class=\"vgblk-rw-wrapper limit-wrapper\">\n<p>1 iunie &#8211; \u00eempreun\u0103 cu copiii de la C\u0103su\u021ba Bucuriei<\/p>\n<figure><img fetchpriority=\"high\" decoding=\"async\" width=\"800\" height=\"467\" src=\"https:\/\/lett.ubbcluj.ro\/sembazuru\/wp-content\/uploads\/2021\/06\/even_iunie2021_1_foto1.png\" alt=\"\" class=\"wp-image-988789\" style=\"max-width:100%;height:auto;\" srcset=\"https:\/\/lett.ubbcluj.ro\/sembazuru\/wp-content\/uploads\/2021\/06\/even_iunie2021_1_foto1.png 800w, https:\/\/lett.ubbcluj.ro\/sembazuru\/wp-content\/uploads\/2021\/06\/even_iunie2021_1_foto1-300x175.png 300w, https:\/\/lett.ubbcluj.ro\/sembazuru\/wp-content\/uploads\/2021\/06\/even_iunie2021_1_foto1-768x448.png 768w\" sizes=\"(max-width: 800px) 100vw, 800px\" \/><\/figure>\n<figure><img decoding=\"async\" width=\"800\" height=\"889\" src=\"https:\/\/lett.ubbcluj.ro\/sembazuru\/wp-content\/uploads\/2021\/06\/even_iunie2021_1_foto2.png\" alt=\"\" class=\"wp-image-988790\" style=\"max-width:100%;height:auto;\" srcset=\"https:\/\/lett.ubbcluj.ro\/sembazuru\/wp-content\/uploads\/2021\/06\/even_iunie2021_1_foto2.png 800w, https:\/\/lett.ubbcluj.ro\/sembazuru\/wp-content\/uploads\/2021\/06\/even_iunie2021_1_foto2-270x300.png 270w, https:\/\/lett.ubbcluj.ro\/sembazuru\/wp-content\/uploads\/2021\/06\/even_iunie2021_1_foto2-768x853.png 768w\" sizes=\"(max-width: 800px) 100vw, 800px\" \/><\/figure>\n<\/div>\n<p><!-- .vgblk-rw-wrapper --><\/p>\n","protected":false},"excerpt":{"rendered":"<p>1 iunie &#8211; \u00eempreun\u0103 cu copiii de la C\u0103su\u021ba Bucuriei<\/p>\n","protected":false},"author":1,"featured_media":988789,"comment_status":"closed","ping_status":"closed","sticky":false,"template":"","format":"standard","meta":{"footnotes":""},"categories":[91,97],"tags":[],"class_list":["post-988020","post","type-post","status-publish","format-standard","has-post-thumbnail","hentry","category-evenimente-activitati","category-evenimente-2021"],"_links":{"self":[{"href":"https:\/\/lett.ubbcluj.ro\/sembazuru\/wp-json\/wp\/v2\/posts\/988020","targetHints":{"allow":["GET"]}}],"collection":[{"href":"https:\/\/lett.ubbcluj.ro\/sembazuru\/wp-json\/wp\/v2\/posts"}],"about":[{"href":"https:\/\/lett.ubbcluj.ro\/sembazuru\/wp-json\/wp\/v2\/types\/post"}],"author":[{"embeddable":true,"href":"https:\/\/lett.ubbcluj.ro\/sembazuru\/wp-json\/wp\/v2\/users\/1"}],"replies":[{"embeddable":true,"href":"https:\/\/lett.ubbcluj.ro\/sembazuru\/wp-json\/wp\/v2\/comments?post=988020"}],"version-history":[{"count":2,"href":"https:\/\/lett.ubbcluj.ro\/sembazuru\/wp-json\/wp\/v2\/posts\/988020\/revisions"}],"predecessor-version":[{"id":989437,"href":"https:\/\/lett.ubbcluj.ro\/sembazuru\/wp-json\/wp\/v2\/posts\/988020\/revisions\/989437"}],"wp:featuredmedia":[{"embeddable":true,"href":"https:\/\/lett.ubbcluj.ro\/sembazuru\/wp-json\/wp\/v2\/media\/988789"}],"wp:attachment":[{"href":"https:\/\/lett.ubbcluj.ro\/sembazuru\/wp-json\/wp\/v2\/media?parent=988020"}],"wp:term":[{"taxonomy":"category","embeddable":true,"href":"https:\/\/lett.ubbcluj.ro\/sembazuru\/wp-json\/wp\/v2\/categories?post=988020"},{"taxonomy":"post_tag","embeddable":true,"href":"https:\/\/lett.ubbcluj.ro\/sembazuru\/wp-json\/wp\/v2\/tags?post=988020"}],"curies":[{"name":"wp","href":"https:\/\/api.w.org\/{rel}","templated":true}]}}