{"id":988037,"date":"2019-05-15T10:00:00","date_gmt":"2019-05-15T07:00:00","guid":{"rendered":"https:\/\/lett.ubbcluj.ro\/sembazuru\/aparitie-editoriala-japonia-in-caleidoscop-20-de-ani-de-studii-japoneze-la-universitatea-babes-bolyai\/"},"modified":"2026-03-20T01:28:22","modified_gmt":"2026-03-19T23:28:22","slug":"aparitie-editoriala-japonia-in-caleidoscop-20-de-ani-de-studii-japoneze-la-universitatea-babes-bolyai","status":"publish","type":"post","link":"https:\/\/lett.ubbcluj.ro\/sembazuru\/aparitie-editoriala-japonia-in-caleidoscop-20-de-ani-de-studii-japoneze-la-universitatea-babes-bolyai\/","title":{"rendered":"Apari\u0163ie editorial\u0103: Japonia \u00een caleidoscop \u2013 20 de ani de studii japoneze la Universitatea Babe\u015f-Bolyai"},"content":{"rendered":"<div class=\"vgblk-rw-wrapper limit-wrapper\">\n<p>Apari\u0163ie editorial\u0103: Japonia \u00een caleidoscop \u2013 20 de ani de studii japoneze la Universitatea Babe\u015f-Bolyai<\/p>\n<figure><img fetchpriority=\"high\" decoding=\"async\" width=\"800\" height=\"565\" src=\"https:\/\/lett.ubbcluj.ro\/sembazuru\/wp-content\/uploads\/2019\/05\/even_mai2019_1.jpg\" alt=\"\" class=\"wp-image-988954\" style=\"max-width:100%;height:auto;\" srcset=\"https:\/\/lett.ubbcluj.ro\/sembazuru\/wp-content\/uploads\/2019\/05\/even_mai2019_1.jpg 800w, https:\/\/lett.ubbcluj.ro\/sembazuru\/wp-content\/uploads\/2019\/05\/even_mai2019_1-300x212.jpg 300w, https:\/\/lett.ubbcluj.ro\/sembazuru\/wp-content\/uploads\/2019\/05\/even_mai2019_1-768x542.jpg 768w\" sizes=\"(max-width: 800px) 100vw, 800px\" \/><\/figure>\n<\/div>\n<p><!-- .vgblk-rw-wrapper --><\/p>\n","protected":false},"excerpt":{"rendered":"<p>Apari\u0163ie editorial\u0103: Japonia \u00een caleidoscop \u2013 20 de ani de studii japoneze la Universitatea Babe\u015f-Bolyai<\/p>\n","protected":false},"author":1,"featured_media":988954,"comment_status":"closed","ping_status":"closed","sticky":false,"template":"","format":"standard","meta":{"footnotes":""},"categories":[91,99],"tags":[],"class_list":["post-988037","post","type-post","status-publish","format-standard","has-post-thumbnail","hentry","category-evenimente-activitati","category-evenimente-2019"],"_links":{"self":[{"href":"https:\/\/lett.ubbcluj.ro\/sembazuru\/wp-json\/wp\/v2\/posts\/988037","targetHints":{"allow":["GET"]}}],"collection":[{"href":"https:\/\/lett.ubbcluj.ro\/sembazuru\/wp-json\/wp\/v2\/posts"}],"about":[{"href":"https:\/\/lett.ubbcluj.ro\/sembazuru\/wp-json\/wp\/v2\/types\/post"}],"author":[{"embeddable":true,"href":"https:\/\/lett.ubbcluj.ro\/sembazuru\/wp-json\/wp\/v2\/users\/1"}],"replies":[{"embeddable":true,"href":"https:\/\/lett.ubbcluj.ro\/sembazuru\/wp-json\/wp\/v2\/comments?post=988037"}],"version-history":[{"count":2,"href":"https:\/\/lett.ubbcluj.ro\/sembazuru\/wp-json\/wp\/v2\/posts\/988037\/revisions"}],"predecessor-version":[{"id":989455,"href":"https:\/\/lett.ubbcluj.ro\/sembazuru\/wp-json\/wp\/v2\/posts\/988037\/revisions\/989455"}],"wp:featuredmedia":[{"embeddable":true,"href":"https:\/\/lett.ubbcluj.ro\/sembazuru\/wp-json\/wp\/v2\/media\/988954"}],"wp:attachment":[{"href":"https:\/\/lett.ubbcluj.ro\/sembazuru\/wp-json\/wp\/v2\/media?parent=988037"}],"wp:term":[{"taxonomy":"category","embeddable":true,"href":"https:\/\/lett.ubbcluj.ro\/sembazuru\/wp-json\/wp\/v2\/categories?post=988037"},{"taxonomy":"post_tag","embeddable":true,"href":"https:\/\/lett.ubbcluj.ro\/sembazuru\/wp-json\/wp\/v2\/tags?post=988037"}],"curies":[{"name":"wp","href":"https:\/\/api.w.org\/{rel}","templated":true}]}}