{"id":988040,"date":"2019-03-15T10:00:00","date_gmt":"2019-03-15T08:00:00","guid":{"rendered":"https:\/\/lett.ubbcluj.ro\/sembazuru\/cand-culturile-se-intalnesc\/"},"modified":"2019-03-15T10:00:00","modified_gmt":"2019-03-15T08:00:00","slug":"cand-culturile-se-intalnesc","status":"publish","type":"post","link":"https:\/\/lett.ubbcluj.ro\/sembazuru\/cand-culturile-se-intalnesc\/","title":{"rendered":"C\u00e2nd culturile se \u00eent\u00e2lnesc"},"content":{"rendered":"<div class=\"vgblk-rw-wrapper limit-wrapper\">\n<p>C\u00e2nd culturile se \u00eent\u00e2lnesc<\/p>\n<div class=\"event-gallery\"><img decoding=\"async\" src=\"https:\/\/lett.ubbcluj.ro\/sembazuru\/images\/even_martie2019_3_foto1.JPG\" alt=\"\" style=\"max-width:100%;height:auto;margin:10px 0;\" \/><img decoding=\"async\" src=\"https:\/\/lett.ubbcluj.ro\/sembazuru\/images\/even_martie2019_3_foto2.JPG\" alt=\"\" style=\"max-width:100%;height:auto;margin:10px 0;\" \/><img decoding=\"async\" src=\"https:\/\/lett.ubbcluj.ro\/sembazuru\/images\/even_martie2019_3_foto3.JPG\" alt=\"\" style=\"max-width:100%;height:auto;margin:10px 0;\" \/><img decoding=\"async\" src=\"https:\/\/lett.ubbcluj.ro\/sembazuru\/images\/even_martie2019_3_foto4.JPG\" alt=\"\" style=\"max-width:100%;height:auto;margin:10px 0;\" \/><img decoding=\"async\" src=\"https:\/\/lett.ubbcluj.ro\/sembazuru\/images\/even_martie2019_3_foto5.JPG\" alt=\"\" style=\"max-width:100%;height:auto;margin:10px 0;\" \/><img decoding=\"async\" src=\"https:\/\/lett.ubbcluj.ro\/sembazuru\/images\/even_martie2019_3_foto6.JPG\" alt=\"\" style=\"max-width:100%;height:auto;margin:10px 0;\" \/><\/div>\n<\/div>\n<p><!-- .vgblk-rw-wrapper --><\/p>\n","protected":false},"excerpt":{"rendered":"<p>C\u00e2nd culturile se \u00eent\u00e2lnesc<\/p>\n","protected":false},"author":1,"featured_media":988041,"comment_status":"closed","ping_status":"closed","sticky":false,"template":"","format":"standard","meta":{"footnotes":""},"categories":[91,99],"tags":[],"class_list":["post-988040","post","type-post","status-publish","format-standard","has-post-thumbnail","hentry","category-evenimente-activitati","category-evenimente-2019"],"_links":{"self":[{"href":"https:\/\/lett.ubbcluj.ro\/sembazuru\/wp-json\/wp\/v2\/posts\/988040","targetHints":{"allow":["GET"]}}],"collection":[{"href":"https:\/\/lett.ubbcluj.ro\/sembazuru\/wp-json\/wp\/v2\/posts"}],"about":[{"href":"https:\/\/lett.ubbcluj.ro\/sembazuru\/wp-json\/wp\/v2\/types\/post"}],"author":[{"embeddable":true,"href":"https:\/\/lett.ubbcluj.ro\/sembazuru\/wp-json\/wp\/v2\/users\/1"}],"replies":[{"embeddable":true,"href":"https:\/\/lett.ubbcluj.ro\/sembazuru\/wp-json\/wp\/v2\/comments?post=988040"}],"version-history":[{"count":0,"href":"https:\/\/lett.ubbcluj.ro\/sembazuru\/wp-json\/wp\/v2\/posts\/988040\/revisions"}],"wp:featuredmedia":[{"embeddable":true,"href":"https:\/\/lett.ubbcluj.ro\/sembazuru\/wp-json\/wp\/v2\/media\/988041"}],"wp:attachment":[{"href":"https:\/\/lett.ubbcluj.ro\/sembazuru\/wp-json\/wp\/v2\/media?parent=988040"}],"wp:term":[{"taxonomy":"category","embeddable":true,"href":"https:\/\/lett.ubbcluj.ro\/sembazuru\/wp-json\/wp\/v2\/categories?post=988040"},{"taxonomy":"post_tag","embeddable":true,"href":"https:\/\/lett.ubbcluj.ro\/sembazuru\/wp-json\/wp\/v2\/tags?post=988040"}],"curies":[{"name":"wp","href":"https:\/\/api.w.org\/{rel}","templated":true}]}}