{"id":988042,"date":"2019-03-15T10:00:00","date_gmt":"2019-03-15T08:00:00","guid":{"rendered":"https:\/\/lett.ubbcluj.ro\/sembazuru\/studenti-japonezi-in-schimb-de-experienta\/"},"modified":"2019-03-15T10:00:00","modified_gmt":"2019-03-15T08:00:00","slug":"studenti-japonezi-in-schimb-de-experienta","status":"publish","type":"post","link":"https:\/\/lett.ubbcluj.ro\/sembazuru\/studenti-japonezi-in-schimb-de-experienta\/","title":{"rendered":"Studen\u0163i japonezi \u00een schimb de  experien\u0163\u0103"},"content":{"rendered":"<div class=\"vgblk-rw-wrapper limit-wrapper\">\n<p>Studen\u0163i japonezi \u00een schimb de  experien\u0163\u0103<\/p>\n<div class=\"event-gallery\"><img decoding=\"async\" src=\"https:\/\/lett.ubbcluj.ro\/sembazuru\/images\/even_martie2019_2_foto1.JPG\" alt=\"\" style=\"max-width:100%;height:auto;margin:10px 0;\" \/><img decoding=\"async\" src=\"https:\/\/lett.ubbcluj.ro\/sembazuru\/images\/even_martie2019_2_foto2.JPG\" alt=\"\" style=\"max-width:100%;height:auto;margin:10px 0;\" \/><img decoding=\"async\" src=\"https:\/\/lett.ubbcluj.ro\/sembazuru\/images\/even_martie2019_2_foto3.JPG\" alt=\"\" style=\"max-width:100%;height:auto;margin:10px 0;\" \/><img decoding=\"async\" src=\"https:\/\/lett.ubbcluj.ro\/sembazuru\/images\/even_martie2019_2_foto4.JPG\" alt=\"\" style=\"max-width:100%;height:auto;margin:10px 0;\" \/><img decoding=\"async\" src=\"https:\/\/lett.ubbcluj.ro\/sembazuru\/images\/even_martie2019_2_foto5.JPG\" alt=\"\" style=\"max-width:100%;height:auto;margin:10px 0;\" \/><img decoding=\"async\" src=\"https:\/\/lett.ubbcluj.ro\/sembazuru\/images\/even_martie2019_2_foto6.JPG\" alt=\"\" style=\"max-width:100%;height:auto;margin:10px 0;\" \/><img decoding=\"async\" src=\"https:\/\/lett.ubbcluj.ro\/sembazuru\/images\/even_martie2019_2_foto7.JPG\" alt=\"\" style=\"max-width:100%;height:auto;margin:10px 0;\" \/><img decoding=\"async\" src=\"https:\/\/lett.ubbcluj.ro\/sembazuru\/images\/even_martie2019_2_foto8.JPG\" alt=\"\" style=\"max-width:100%;height:auto;margin:10px 0;\" \/><img decoding=\"async\" src=\"https:\/\/lett.ubbcluj.ro\/sembazuru\/images\/even_martie2019_2_foto9.JPG\" alt=\"\" style=\"max-width:100%;height:auto;margin:10px 0;\" \/><\/div>\n<\/div>\n<p><!-- .vgblk-rw-wrapper --><\/p>\n","protected":false},"excerpt":{"rendered":"<p>Studen\u0163i japonezi \u00een schimb de experien\u0163\u0103<\/p>\n","protected":false},"author":1,"featured_media":988043,"comment_status":"closed","ping_status":"closed","sticky":false,"template":"","format":"standard","meta":{"footnotes":""},"categories":[91,99],"tags":[],"class_list":["post-988042","post","type-post","status-publish","format-standard","has-post-thumbnail","hentry","category-evenimente-activitati","category-evenimente-2019"],"_links":{"self":[{"href":"https:\/\/lett.ubbcluj.ro\/sembazuru\/wp-json\/wp\/v2\/posts\/988042","targetHints":{"allow":["GET"]}}],"collection":[{"href":"https:\/\/lett.ubbcluj.ro\/sembazuru\/wp-json\/wp\/v2\/posts"}],"about":[{"href":"https:\/\/lett.ubbcluj.ro\/sembazuru\/wp-json\/wp\/v2\/types\/post"}],"author":[{"embeddable":true,"href":"https:\/\/lett.ubbcluj.ro\/sembazuru\/wp-json\/wp\/v2\/users\/1"}],"replies":[{"embeddable":true,"href":"https:\/\/lett.ubbcluj.ro\/sembazuru\/wp-json\/wp\/v2\/comments?post=988042"}],"version-history":[{"count":0,"href":"https:\/\/lett.ubbcluj.ro\/sembazuru\/wp-json\/wp\/v2\/posts\/988042\/revisions"}],"wp:featuredmedia":[{"embeddable":true,"href":"https:\/\/lett.ubbcluj.ro\/sembazuru\/wp-json\/wp\/v2\/media\/988043"}],"wp:attachment":[{"href":"https:\/\/lett.ubbcluj.ro\/sembazuru\/wp-json\/wp\/v2\/media?parent=988042"}],"wp:term":[{"taxonomy":"category","embeddable":true,"href":"https:\/\/lett.ubbcluj.ro\/sembazuru\/wp-json\/wp\/v2\/categories?post=988042"},{"taxonomy":"post_tag","embeddable":true,"href":"https:\/\/lett.ubbcluj.ro\/sembazuru\/wp-json\/wp\/v2\/tags?post=988042"}],"curies":[{"name":"wp","href":"https:\/\/api.w.org\/{rel}","templated":true}]}}