{"id":988069,"date":"2014-04-15T10:00:00","date_gmt":"2014-04-15T07:00:00","guid":{"rendered":"https:\/\/lett.ubbcluj.ro\/sembazuru\/studentii-specializarii-limba-si-literatura-japoneza-ii-invita-pe-cei-mici-la-un-atelier-de-origami\/"},"modified":"2026-03-20T01:28:25","modified_gmt":"2026-03-19T23:28:25","slug":"studentii-specializarii-limba-si-literatura-japoneza-ii-invita-pe-cei-mici-la-un-atelier-de-origami","status":"publish","type":"post","link":"https:\/\/lett.ubbcluj.ro\/sembazuru\/studentii-specializarii-limba-si-literatura-japoneza-ii-invita-pe-cei-mici-la-un-atelier-de-origami\/","title":{"rendered":"Studen\u0163ii specializ\u0103rii Limba \u015fi literatura japonez\u0103 \u00eei invit\u0103 pe cei mici la un atelier de origami"},"content":{"rendered":"<div class=\"vgblk-rw-wrapper limit-wrapper\">\n<p>Studen\u0163ii specializ\u0103rii Limba \u015fi literatura japonez\u0103 \u00eei invit\u0103 pe cei mici la un atelier de origami<\/p>\n<figure><img fetchpriority=\"high\" decoding=\"async\" width=\"800\" height=\"1131\" src=\"https:\/\/lett.ubbcluj.ro\/sembazuru\/wp-content\/uploads\/2014\/04\/even_aprilie2014_2_foto1.jpg\" alt=\"\" class=\"wp-image-988987\" style=\"max-width:100%;height:auto;\" srcset=\"https:\/\/lett.ubbcluj.ro\/sembazuru\/wp-content\/uploads\/2014\/04\/even_aprilie2014_2_foto1.jpg 800w, https:\/\/lett.ubbcluj.ro\/sembazuru\/wp-content\/uploads\/2014\/04\/even_aprilie2014_2_foto1-212x300.jpg 212w, https:\/\/lett.ubbcluj.ro\/sembazuru\/wp-content\/uploads\/2014\/04\/even_aprilie2014_2_foto1-724x1024.jpg 724w, https:\/\/lett.ubbcluj.ro\/sembazuru\/wp-content\/uploads\/2014\/04\/even_aprilie2014_2_foto1-768x1086.jpg 768w\" sizes=\"(max-width: 800px) 100vw, 800px\" \/><\/figure>\n<\/div>\n<p><!-- .vgblk-rw-wrapper --><\/p>\n","protected":false},"excerpt":{"rendered":"<p>Studen\u0163ii specializ\u0103rii Limba \u015fi literatura japonez\u0103 \u00eei invit\u0103 pe cei mici la un atelier de origami<\/p>\n","protected":false},"author":1,"featured_media":988987,"comment_status":"closed","ping_status":"closed","sticky":false,"template":"","format":"standard","meta":{"footnotes":""},"categories":[91,103],"tags":[],"class_list":["post-988069","post","type-post","status-publish","format-standard","has-post-thumbnail","hentry","category-evenimente-activitati","category-evenimente-2014"],"_links":{"self":[{"href":"https:\/\/lett.ubbcluj.ro\/sembazuru\/wp-json\/wp\/v2\/posts\/988069","targetHints":{"allow":["GET"]}}],"collection":[{"href":"https:\/\/lett.ubbcluj.ro\/sembazuru\/wp-json\/wp\/v2\/posts"}],"about":[{"href":"https:\/\/lett.ubbcluj.ro\/sembazuru\/wp-json\/wp\/v2\/types\/post"}],"author":[{"embeddable":true,"href":"https:\/\/lett.ubbcluj.ro\/sembazuru\/wp-json\/wp\/v2\/users\/1"}],"replies":[{"embeddable":true,"href":"https:\/\/lett.ubbcluj.ro\/sembazuru\/wp-json\/wp\/v2\/comments?post=988069"}],"version-history":[{"count":2,"href":"https:\/\/lett.ubbcluj.ro\/sembazuru\/wp-json\/wp\/v2\/posts\/988069\/revisions"}],"predecessor-version":[{"id":989466,"href":"https:\/\/lett.ubbcluj.ro\/sembazuru\/wp-json\/wp\/v2\/posts\/988069\/revisions\/989466"}],"wp:featuredmedia":[{"embeddable":true,"href":"https:\/\/lett.ubbcluj.ro\/sembazuru\/wp-json\/wp\/v2\/media\/988987"}],"wp:attachment":[{"href":"https:\/\/lett.ubbcluj.ro\/sembazuru\/wp-json\/wp\/v2\/media?parent=988069"}],"wp:term":[{"taxonomy":"category","embeddable":true,"href":"https:\/\/lett.ubbcluj.ro\/sembazuru\/wp-json\/wp\/v2\/categories?post=988069"},{"taxonomy":"post_tag","embeddable":true,"href":"https:\/\/lett.ubbcluj.ro\/sembazuru\/wp-json\/wp\/v2\/tags?post=988069"}],"curies":[{"name":"wp","href":"https:\/\/api.w.org\/{rel}","templated":true}]}}