{"id":988081,"date":"2011-04-15T10:00:00","date_gmt":"2011-04-15T07:00:00","guid":{"rendered":"https:\/\/lett.ubbcluj.ro\/sembazuru\/noapte-la-lumina-zilei-licitatie-si-donatii-pentru-victimele-catastrofelor-naturale-din-japonia\/"},"modified":"2026-03-20T01:28:28","modified_gmt":"2026-03-19T23:28:28","slug":"noapte-la-lumina-zilei-licitatie-si-donatii-pentru-victimele-catastrofelor-naturale-din-japonia","status":"publish","type":"post","link":"https:\/\/lett.ubbcluj.ro\/sembazuru\/noapte-la-lumina-zilei-licitatie-si-donatii-pentru-victimele-catastrofelor-naturale-din-japonia\/","title":{"rendered":"Noapte la lumina zilei (licita\u0163ie \u015fi dona\u0163ii pentru victimele catastrofelor naturale din Japonia)"},"content":{"rendered":"<div class=\"vgblk-rw-wrapper limit-wrapper\">\n<p>Noapte la lumina zilei (licita\u0163ie \u015fi dona\u0163ii pentru victimele catastrofelor naturale din Japonia)<\/p>\n<figure><img fetchpriority=\"high\" decoding=\"async\" width=\"800\" height=\"1124\" src=\"https:\/\/lett.ubbcluj.ro\/sembazuru\/wp-content\/uploads\/2011\/04\/even_aprilie2011_foto1.jpg\" alt=\"\" class=\"wp-image-989035\" style=\"max-width:100%;height:auto;\" srcset=\"https:\/\/lett.ubbcluj.ro\/sembazuru\/wp-content\/uploads\/2011\/04\/even_aprilie2011_foto1.jpg 800w, https:\/\/lett.ubbcluj.ro\/sembazuru\/wp-content\/uploads\/2011\/04\/even_aprilie2011_foto1-214x300.jpg 214w, https:\/\/lett.ubbcluj.ro\/sembazuru\/wp-content\/uploads\/2011\/04\/even_aprilie2011_foto1-729x1024.jpg 729w, https:\/\/lett.ubbcluj.ro\/sembazuru\/wp-content\/uploads\/2011\/04\/even_aprilie2011_foto1-768x1079.jpg 768w\" sizes=\"(max-width: 800px) 100vw, 800px\" \/><\/figure>\n<\/div>\n<p><!-- .vgblk-rw-wrapper --><\/p>\n","protected":false},"excerpt":{"rendered":"<p>Noapte la lumina zilei (licita\u0163ie \u015fi dona\u0163ii pentru victimele catastrofelor naturale din Japonia)<\/p>\n","protected":false},"author":1,"featured_media":989035,"comment_status":"closed","ping_status":"closed","sticky":false,"template":"","format":"standard","meta":{"footnotes":""},"categories":[91,105],"tags":[],"class_list":["post-988081","post","type-post","status-publish","format-standard","has-post-thumbnail","hentry","category-evenimente-activitati","category-evenimente-2011"],"_links":{"self":[{"href":"https:\/\/lett.ubbcluj.ro\/sembazuru\/wp-json\/wp\/v2\/posts\/988081","targetHints":{"allow":["GET"]}}],"collection":[{"href":"https:\/\/lett.ubbcluj.ro\/sembazuru\/wp-json\/wp\/v2\/posts"}],"about":[{"href":"https:\/\/lett.ubbcluj.ro\/sembazuru\/wp-json\/wp\/v2\/types\/post"}],"author":[{"embeddable":true,"href":"https:\/\/lett.ubbcluj.ro\/sembazuru\/wp-json\/wp\/v2\/users\/1"}],"replies":[{"embeddable":true,"href":"https:\/\/lett.ubbcluj.ro\/sembazuru\/wp-json\/wp\/v2\/comments?post=988081"}],"version-history":[{"count":2,"href":"https:\/\/lett.ubbcluj.ro\/sembazuru\/wp-json\/wp\/v2\/posts\/988081\/revisions"}],"predecessor-version":[{"id":989477,"href":"https:\/\/lett.ubbcluj.ro\/sembazuru\/wp-json\/wp\/v2\/posts\/988081\/revisions\/989477"}],"wp:featuredmedia":[{"embeddable":true,"href":"https:\/\/lett.ubbcluj.ro\/sembazuru\/wp-json\/wp\/v2\/media\/989035"}],"wp:attachment":[{"href":"https:\/\/lett.ubbcluj.ro\/sembazuru\/wp-json\/wp\/v2\/media?parent=988081"}],"wp:term":[{"taxonomy":"category","embeddable":true,"href":"https:\/\/lett.ubbcluj.ro\/sembazuru\/wp-json\/wp\/v2\/categories?post=988081"},{"taxonomy":"post_tag","embeddable":true,"href":"https:\/\/lett.ubbcluj.ro\/sembazuru\/wp-json\/wp\/v2\/tags?post=988081"}],"curies":[{"name":"wp","href":"https:\/\/api.w.org\/{rel}","templated":true}]}}