{"id":988085,"date":"2008-05-15T10:00:00","date_gmt":"2008-05-15T07:00:00","guid":{"rendered":"https:\/\/lett.ubbcluj.ro\/sembazuru\/expozitie-de-caligrafie-japoneza-inchipuirile-vantului\/"},"modified":"2026-03-20T01:28:29","modified_gmt":"2026-03-19T23:28:29","slug":"expozitie-de-caligrafie-japoneza-inchipuirile-vantului","status":"publish","type":"post","link":"https:\/\/lett.ubbcluj.ro\/sembazuru\/expozitie-de-caligrafie-japoneza-inchipuirile-vantului\/","title":{"rendered":"Expozi\u0163ie de caligrafie japonez\u0103: \u00cenchipuirile v\u00e2ntului"},"content":{"rendered":"<div class=\"vgblk-rw-wrapper limit-wrapper\">\n<p>Expozi\u0163ie de caligrafie japonez\u0103: \u00cenchipuirile v\u00e2ntului<\/p>\n<figure><img fetchpriority=\"high\" decoding=\"async\" width=\"800\" height=\"565\" src=\"https:\/\/lett.ubbcluj.ro\/sembazuru\/wp-content\/uploads\/2008\/05\/even_mai2008_foto1.jpg\" alt=\"\" class=\"wp-image-989049\" style=\"max-width:100%;height:auto;\" srcset=\"https:\/\/lett.ubbcluj.ro\/sembazuru\/wp-content\/uploads\/2008\/05\/even_mai2008_foto1.jpg 800w, https:\/\/lett.ubbcluj.ro\/sembazuru\/wp-content\/uploads\/2008\/05\/even_mai2008_foto1-300x212.jpg 300w, https:\/\/lett.ubbcluj.ro\/sembazuru\/wp-content\/uploads\/2008\/05\/even_mai2008_foto1-768x542.jpg 768w\" sizes=\"(max-width: 800px) 100vw, 800px\" \/><\/figure>\n<figure><img decoding=\"async\" width=\"800\" height=\"594\" src=\"https:\/\/lett.ubbcluj.ro\/sembazuru\/wp-content\/uploads\/2008\/05\/even_mai2008_foto2.jpg\" alt=\"\" class=\"wp-image-989050\" style=\"max-width:100%;height:auto;\" srcset=\"https:\/\/lett.ubbcluj.ro\/sembazuru\/wp-content\/uploads\/2008\/05\/even_mai2008_foto2.jpg 800w, https:\/\/lett.ubbcluj.ro\/sembazuru\/wp-content\/uploads\/2008\/05\/even_mai2008_foto2-300x223.jpg 300w, https:\/\/lett.ubbcluj.ro\/sembazuru\/wp-content\/uploads\/2008\/05\/even_mai2008_foto2-768x570.jpg 768w\" sizes=\"(max-width: 800px) 100vw, 800px\" \/><\/figure>\n<\/div>\n<p><!-- .vgblk-rw-wrapper --><\/p>\n","protected":false},"excerpt":{"rendered":"<p>Expozi\u0163ie de caligrafie japonez\u0103: \u00cenchipuirile v\u00e2ntului<\/p>\n","protected":false},"author":1,"featured_media":989049,"comment_status":"closed","ping_status":"closed","sticky":false,"template":"","format":"standard","meta":{"footnotes":""},"categories":[91,108],"tags":[],"class_list":["post-988085","post","type-post","status-publish","format-standard","has-post-thumbnail","hentry","category-evenimente-activitati","category-evenimente-2008"],"_links":{"self":[{"href":"https:\/\/lett.ubbcluj.ro\/sembazuru\/wp-json\/wp\/v2\/posts\/988085","targetHints":{"allow":["GET"]}}],"collection":[{"href":"https:\/\/lett.ubbcluj.ro\/sembazuru\/wp-json\/wp\/v2\/posts"}],"about":[{"href":"https:\/\/lett.ubbcluj.ro\/sembazuru\/wp-json\/wp\/v2\/types\/post"}],"author":[{"embeddable":true,"href":"https:\/\/lett.ubbcluj.ro\/sembazuru\/wp-json\/wp\/v2\/users\/1"}],"replies":[{"embeddable":true,"href":"https:\/\/lett.ubbcluj.ro\/sembazuru\/wp-json\/wp\/v2\/comments?post=988085"}],"version-history":[{"count":2,"href":"https:\/\/lett.ubbcluj.ro\/sembazuru\/wp-json\/wp\/v2\/posts\/988085\/revisions"}],"predecessor-version":[{"id":989481,"href":"https:\/\/lett.ubbcluj.ro\/sembazuru\/wp-json\/wp\/v2\/posts\/988085\/revisions\/989481"}],"wp:featuredmedia":[{"embeddable":true,"href":"https:\/\/lett.ubbcluj.ro\/sembazuru\/wp-json\/wp\/v2\/media\/989049"}],"wp:attachment":[{"href":"https:\/\/lett.ubbcluj.ro\/sembazuru\/wp-json\/wp\/v2\/media?parent=988085"}],"wp:term":[{"taxonomy":"category","embeddable":true,"href":"https:\/\/lett.ubbcluj.ro\/sembazuru\/wp-json\/wp\/v2\/categories?post=988085"},{"taxonomy":"post_tag","embeddable":true,"href":"https:\/\/lett.ubbcluj.ro\/sembazuru\/wp-json\/wp\/v2\/tags?post=988085"}],"curies":[{"name":"wp","href":"https:\/\/api.w.org\/{rel}","templated":true}]}}