{"id":988086,"date":"2006-05-15T10:00:00","date_gmt":"2006-05-15T07:00:00","guid":{"rendered":"https:\/\/lett.ubbcluj.ro\/sembazuru\/in-cautarea-japoniei-expozitie-de-arta-traditionala-japoneza\/"},"modified":"2026-03-20T01:28:30","modified_gmt":"2026-03-19T23:28:30","slug":"in-cautarea-japoniei-expozitie-de-arta-traditionala-japoneza","status":"publish","type":"post","link":"https:\/\/lett.ubbcluj.ro\/sembazuru\/in-cautarea-japoniei-expozitie-de-arta-traditionala-japoneza\/","title":{"rendered":"\u00cen c\u0103utarea Japoniei. Expozi\u0163ie de art\u0103 tradi\u0163ional\u0103 japonez\u0103"},"content":{"rendered":"<div class=\"vgblk-rw-wrapper limit-wrapper\">\n<p>\u00cen c\u0103utarea Japoniei. Expozi\u0163ie de art\u0103 tradi\u0163ional\u0103 japonez\u0103<\/p>\n<figure><img fetchpriority=\"high\" decoding=\"async\" width=\"800\" height=\"1130\" src=\"https:\/\/lett.ubbcluj.ro\/sembazuru\/wp-content\/uploads\/2006\/05\/even_mai2006_1_foto1.jpg\" alt=\"\" class=\"wp-image-989058\" style=\"max-width:100%;height:auto;\" srcset=\"https:\/\/lett.ubbcluj.ro\/sembazuru\/wp-content\/uploads\/2006\/05\/even_mai2006_1_foto1.jpg 800w, https:\/\/lett.ubbcluj.ro\/sembazuru\/wp-content\/uploads\/2006\/05\/even_mai2006_1_foto1-212x300.jpg 212w, https:\/\/lett.ubbcluj.ro\/sembazuru\/wp-content\/uploads\/2006\/05\/even_mai2006_1_foto1-725x1024.jpg 725w, https:\/\/lett.ubbcluj.ro\/sembazuru\/wp-content\/uploads\/2006\/05\/even_mai2006_1_foto1-768x1085.jpg 768w\" sizes=\"(max-width: 800px) 100vw, 800px\" \/><\/figure>\n<\/div>\n<p><!-- .vgblk-rw-wrapper --><\/p>\n","protected":false},"excerpt":{"rendered":"<p>\u00cen c\u0103utarea Japoniei. Expozi\u0163ie de art\u0103 tradi\u0163ional\u0103 japonez\u0103<\/p>\n","protected":false},"author":1,"featured_media":989058,"comment_status":"closed","ping_status":"closed","sticky":false,"template":"","format":"standard","meta":{"footnotes":""},"categories":[91,109],"tags":[],"class_list":["post-988086","post","type-post","status-publish","format-standard","has-post-thumbnail","hentry","category-evenimente-activitati","category-evenimente-2006"],"_links":{"self":[{"href":"https:\/\/lett.ubbcluj.ro\/sembazuru\/wp-json\/wp\/v2\/posts\/988086","targetHints":{"allow":["GET"]}}],"collection":[{"href":"https:\/\/lett.ubbcluj.ro\/sembazuru\/wp-json\/wp\/v2\/posts"}],"about":[{"href":"https:\/\/lett.ubbcluj.ro\/sembazuru\/wp-json\/wp\/v2\/types\/post"}],"author":[{"embeddable":true,"href":"https:\/\/lett.ubbcluj.ro\/sembazuru\/wp-json\/wp\/v2\/users\/1"}],"replies":[{"embeddable":true,"href":"https:\/\/lett.ubbcluj.ro\/sembazuru\/wp-json\/wp\/v2\/comments?post=988086"}],"version-history":[{"count":2,"href":"https:\/\/lett.ubbcluj.ro\/sembazuru\/wp-json\/wp\/v2\/posts\/988086\/revisions"}],"predecessor-version":[{"id":989482,"href":"https:\/\/lett.ubbcluj.ro\/sembazuru\/wp-json\/wp\/v2\/posts\/988086\/revisions\/989482"}],"wp:featuredmedia":[{"embeddable":true,"href":"https:\/\/lett.ubbcluj.ro\/sembazuru\/wp-json\/wp\/v2\/media\/989058"}],"wp:attachment":[{"href":"https:\/\/lett.ubbcluj.ro\/sembazuru\/wp-json\/wp\/v2\/media?parent=988086"}],"wp:term":[{"taxonomy":"category","embeddable":true,"href":"https:\/\/lett.ubbcluj.ro\/sembazuru\/wp-json\/wp\/v2\/categories?post=988086"},{"taxonomy":"post_tag","embeddable":true,"href":"https:\/\/lett.ubbcluj.ro\/sembazuru\/wp-json\/wp\/v2\/tags?post=988086"}],"curies":[{"name":"wp","href":"https:\/\/api.w.org\/{rel}","templated":true}]}}