{"id":989212,"date":"2025-01-15T10:00:00","date_gmt":"2025-01-15T08:00:00","guid":{"rendered":"https:\/\/lett.ubbcluj.ro\/sembazuru\/romanul-florinei-ilis-cinci-nori-colorati-pe-cerul-de-rasarit-in-traducere-slovaca\/"},"modified":"2026-03-20T01:26:47","modified_gmt":"2026-03-19T23:26:47","slug":"romanul-florinei-ilis-cinci-nori-colorati-pe-cerul-de-rasarit-in-traducere-slovaca","status":"publish","type":"post","link":"https:\/\/lett.ubbcluj.ro\/sembazuru\/romanul-florinei-ilis-cinci-nori-colorati-pe-cerul-de-rasarit-in-traducere-slovaca\/","title":{"rendered":"Romanul Florinei Ilis Cinci nori colora\u021bi pe cerul de r\u0103s\u0103rit \u00een traducere slovac\u0103"},"content":{"rendered":"<div class=\"vgblk-rw-wrapper limit-wrapper\"><img fetchpriority=\"high\" decoding=\"async\" width=\"380\" height=\"534\" src=\"https:\/\/lett.ubbcluj.ro\/sembazuru\/wp-content\/uploads\/2025\/01\/cinci-nori-romana.png\" alt=\"\" class=\"wp-image-989214\" style=\"max-width:100%;height:auto;\" srcset=\"https:\/\/lett.ubbcluj.ro\/sembazuru\/wp-content\/uploads\/2025\/01\/cinci-nori-romana.png 380w, https:\/\/lett.ubbcluj.ro\/sembazuru\/wp-content\/uploads\/2025\/01\/cinci-nori-romana-213x300.png 213w\" sizes=\"(max-width: 380px) 100vw, 380px\" \/><\/figure>\n<figure><img decoding=\"async\" width=\"380\" height=\"534\" src=\"https:\/\/lett.ubbcluj.ro\/sembazuru\/wp-content\/uploads\/2025\/01\/cinci-nori-slovaca.jpg\" alt=\"\" class=\"wp-image-989215\" style=\"max-width:100%;height:auto;\" srcset=\"https:\/\/lett.ubbcluj.ro\/sembazuru\/wp-content\/uploads\/2025\/01\/cinci-nori-slovaca.jpg 380w, https:\/\/lett.ubbcluj.ro\/sembazuru\/wp-content\/uploads\/2025\/01\/cinci-nori-slovaca-213x300.jpg 213w\" sizes=\"(max-width: 380px) 100vw, 380px\" \/><\/figure>\n<\/div>\n<p><!-- .vgblk-rw-wrapper --><\/p>\n","protected":false},"excerpt":{"rendered":"","protected":false},"author":1,"featured_media":989214,"comment_status":"closed","ping_status":"closed","sticky":false,"template":"","format":"standard","meta":{"footnotes":""},"categories":[91,93],"tags":[],"class_list":["post-989212","post","type-post","status-publish","format-standard","has-post-thumbnail","hentry","category-evenimente-activitati","category-evenimente-2025"],"_links":{"self":[{"href":"https:\/\/lett.ubbcluj.ro\/sembazuru\/wp-json\/wp\/v2\/posts\/989212","targetHints":{"allow":["GET"]}}],"collection":[{"href":"https:\/\/lett.ubbcluj.ro\/sembazuru\/wp-json\/wp\/v2\/posts"}],"about":[{"href":"https:\/\/lett.ubbcluj.ro\/sembazuru\/wp-json\/wp\/v2\/types\/post"}],"author":[{"embeddable":true,"href":"https:\/\/lett.ubbcluj.ro\/sembazuru\/wp-json\/wp\/v2\/users\/1"}],"replies":[{"embeddable":true,"href":"https:\/\/lett.ubbcluj.ro\/sembazuru\/wp-json\/wp\/v2\/comments?post=989212"}],"version-history":[{"count":3,"href":"https:\/\/lett.ubbcluj.ro\/sembazuru\/wp-json\/wp\/v2\/posts\/989212\/revisions"}],"predecessor-version":[{"id":989505,"href":"https:\/\/lett.ubbcluj.ro\/sembazuru\/wp-json\/wp\/v2\/posts\/989212\/revisions\/989505"}],"wp:featuredmedia":[{"embeddable":true,"href":"https:\/\/lett.ubbcluj.ro\/sembazuru\/wp-json\/wp\/v2\/media\/989214"}],"wp:attachment":[{"href":"https:\/\/lett.ubbcluj.ro\/sembazuru\/wp-json\/wp\/v2\/media?parent=989212"}],"wp:term":[{"taxonomy":"category","embeddable":true,"href":"https:\/\/lett.ubbcluj.ro\/sembazuru\/wp-json\/wp\/v2\/categories?post=989212"},{"taxonomy":"post_tag","embeddable":true,"href":"https:\/\/lett.ubbcluj.ro\/sembazuru\/wp-json\/wp\/v2\/tags?post=989212"}],"curies":[{"name":"wp","href":"https:\/\/api.w.org\/{rel}","templated":true}]}}