{"id":990415,"date":"2021-07-13T10:00:00","date_gmt":"2021-07-13T07:00:00","guid":{"rendered":"https:\/\/lett.ubbcluj.ro\/sembazuru\/o-noua-aparitie-editoriala-rodica-frentiu-caligrafia-japoneza-in-memoria-clipei\/"},"modified":"2026-06-12T00:00:17","modified_gmt":"2026-06-11T21:00:17","slug":"o-noua-aparitie-editoriala-rodica-frentiu-caligrafia-japoneza-in-memoria-clipei","status":"publish","type":"post","link":"https:\/\/lett.ubbcluj.ro\/sembazuru\/o-noua-aparitie-editoriala-rodica-frentiu-caligrafia-japoneza-in-memoria-clipei\/","title":{"rendered":"O nou\u0103 apari\u021bie editorial\u0103: Rodica Fren\u021biu, \u201eCaligrafia japonez\u0103 \u00een memoria clipei\u201d"},"content":{"rendered":"<div class=\"vgblk-rw-wrapper limit-wrapper\">\n<p><em>13 iulie 2021<\/em><\/p>\n<p>Rodica Fren\u021biu, <em>Caligrafia japonez\u0103 \u00een memoria clipei<\/em> (Presa Universitar\u0103 Clujean\u0103, 2021).<\/p>\n<p><a href=\"https:\/\/libraria.ubbcluj.ro\/produs\/caligrafia-japoneza-in-memoria-clipei\/\" target=\"_blank\" rel=\"noopener\">Volumul la Libr\u0103ria UBB<\/a><\/p>\n<p><a href=\"https:\/\/youtu.be\/HYtu26GRLWU\" target=\"_blank\" rel=\"noopener\">TVR Cluj: \u00cen lectura autorului \u2013 Rodica Fren\u021biu<\/a><\/p>\n<p><a href=\"https:\/\/www.observatorcultural.ro\/articol\/arta-clipei-eterne\/\" target=\"_blank\" rel=\"noopener\">Observator cultural: \u201eArta clipei eterne\u201d (Liviu Franga)<\/a><\/p>\n<\/div>\n<p><!-- .vgblk-rw-wrapper --><\/p>\n","protected":false},"excerpt":{"rendered":"<p>13 iulie 2021 Rodica Fren\u021biu, Caligrafia japonez\u0103 \u00een memoria clipei (Presa Universitar\u0103 Clujean\u0103, 2021). Volumul la Libr\u0103ria UBB TVR Cluj: \u00cen lectura autorului \u2013 Rodica Fren\u021biu Observator cultural: \u201eArta clipei&#8230;<\/p>\n","protected":false},"author":2,"featured_media":987763,"comment_status":"closed","ping_status":"closed","sticky":false,"template":"","format":"standard","meta":{"footnotes":""},"categories":[91,97],"tags":[],"class_list":["post-990415","post","type-post","status-publish","format-standard","has-post-thumbnail","hentry","category-evenimente-activitati","category-evenimente-2021"],"_links":{"self":[{"href":"https:\/\/lett.ubbcluj.ro\/sembazuru\/wp-json\/wp\/v2\/posts\/990415","targetHints":{"allow":["GET"]}}],"collection":[{"href":"https:\/\/lett.ubbcluj.ro\/sembazuru\/wp-json\/wp\/v2\/posts"}],"about":[{"href":"https:\/\/lett.ubbcluj.ro\/sembazuru\/wp-json\/wp\/v2\/types\/post"}],"author":[{"embeddable":true,"href":"https:\/\/lett.ubbcluj.ro\/sembazuru\/wp-json\/wp\/v2\/users\/2"}],"replies":[{"embeddable":true,"href":"https:\/\/lett.ubbcluj.ro\/sembazuru\/wp-json\/wp\/v2\/comments?post=990415"}],"version-history":[{"count":1,"href":"https:\/\/lett.ubbcluj.ro\/sembazuru\/wp-json\/wp\/v2\/posts\/990415\/revisions"}],"predecessor-version":[{"id":990554,"href":"https:\/\/lett.ubbcluj.ro\/sembazuru\/wp-json\/wp\/v2\/posts\/990415\/revisions\/990554"}],"wp:featuredmedia":[{"embeddable":true,"href":"https:\/\/lett.ubbcluj.ro\/sembazuru\/wp-json\/wp\/v2\/media\/987763"}],"wp:attachment":[{"href":"https:\/\/lett.ubbcluj.ro\/sembazuru\/wp-json\/wp\/v2\/media?parent=990415"}],"wp:term":[{"taxonomy":"category","embeddable":true,"href":"https:\/\/lett.ubbcluj.ro\/sembazuru\/wp-json\/wp\/v2\/categories?post=990415"},{"taxonomy":"post_tag","embeddable":true,"href":"https:\/\/lett.ubbcluj.ro\/sembazuru\/wp-json\/wp\/v2\/tags?post=990415"}],"curies":[{"name":"wp","href":"https:\/\/api.w.org\/{rel}","templated":true}]}}