{"id":990423,"date":"2021-02-10T10:00:00","date_gmt":"2021-02-10T08:00:00","guid":{"rendered":"https:\/\/lett.ubbcluj.ro\/sembazuru\/poeme-haiku-de-florina-ilis-traduse-in-limba-maghiara\/"},"modified":"2026-06-12T00:00:21","modified_gmt":"2026-06-11T21:00:21","slug":"poeme-haiku-de-florina-ilis-traduse-in-limba-maghiara","status":"publish","type":"post","link":"https:\/\/lett.ubbcluj.ro\/sembazuru\/poeme-haiku-de-florina-ilis-traduse-in-limba-maghiara\/","title":{"rendered":"Poeme haiku de Florina Ilis traduse \u00een limba maghiar\u0103"},"content":{"rendered":"<div class=\"vgblk-rw-wrapper limit-wrapper\">\n<p><em>februarie 2021<\/em><\/p>\n<p>Poeme haiku de Florina Ilis, traduse \u00een limba maghiar\u0103.<\/p>\n<p><a href=\"http:\/\/ujnautilus.info\/florina-ilis-versei\" target=\"_blank\" rel=\"noopener\">\u00daj Nautilus: poemele traduse<\/a><\/p>\n<\/div>\n<p><!-- .vgblk-rw-wrapper --><\/p>\n","protected":false},"excerpt":{"rendered":"<p>februarie 2021 Poeme haiku de Florina Ilis, traduse \u00een limba maghiar\u0103. \u00daj Nautilus: poemele traduse<\/p>\n","protected":false},"author":2,"featured_media":987763,"comment_status":"closed","ping_status":"closed","sticky":false,"template":"","format":"standard","meta":{"footnotes":""},"categories":[91,97],"tags":[],"class_list":["post-990423","post","type-post","status-publish","format-standard","has-post-thumbnail","hentry","category-evenimente-activitati","category-evenimente-2021"],"_links":{"self":[{"href":"https:\/\/lett.ubbcluj.ro\/sembazuru\/wp-json\/wp\/v2\/posts\/990423","targetHints":{"allow":["GET"]}}],"collection":[{"href":"https:\/\/lett.ubbcluj.ro\/sembazuru\/wp-json\/wp\/v2\/posts"}],"about":[{"href":"https:\/\/lett.ubbcluj.ro\/sembazuru\/wp-json\/wp\/v2\/types\/post"}],"author":[{"embeddable":true,"href":"https:\/\/lett.ubbcluj.ro\/sembazuru\/wp-json\/wp\/v2\/users\/2"}],"replies":[{"embeddable":true,"href":"https:\/\/lett.ubbcluj.ro\/sembazuru\/wp-json\/wp\/v2\/comments?post=990423"}],"version-history":[{"count":1,"href":"https:\/\/lett.ubbcluj.ro\/sembazuru\/wp-json\/wp\/v2\/posts\/990423\/revisions"}],"predecessor-version":[{"id":990561,"href":"https:\/\/lett.ubbcluj.ro\/sembazuru\/wp-json\/wp\/v2\/posts\/990423\/revisions\/990561"}],"wp:featuredmedia":[{"embeddable":true,"href":"https:\/\/lett.ubbcluj.ro\/sembazuru\/wp-json\/wp\/v2\/media\/987763"}],"wp:attachment":[{"href":"https:\/\/lett.ubbcluj.ro\/sembazuru\/wp-json\/wp\/v2\/media?parent=990423"}],"wp:term":[{"taxonomy":"category","embeddable":true,"href":"https:\/\/lett.ubbcluj.ro\/sembazuru\/wp-json\/wp\/v2\/categories?post=990423"},{"taxonomy":"post_tag","embeddable":true,"href":"https:\/\/lett.ubbcluj.ro\/sembazuru\/wp-json\/wp\/v2\/tags?post=990423"}],"curies":[{"name":"wp","href":"https:\/\/api.w.org\/{rel}","templated":true}]}}