{"id":991231,"date":"2026-01-23T10:00:00","date_gmt":"2026-01-23T08:00:00","guid":{"rendered":"https:\/\/lett.ubbcluj.ro\/sembazuru\/de-ziua-internationala-a-scrisului-de-mana-rodica-frentiu-la-prim-plan-obiectiv_tvr-cluj-2\/"},"modified":"2026-01-23T10:00:00","modified_gmt":"2026-01-23T08:00:00","slug":"de-ziua-internationala-a-scrisului-de-mana-rodica-frentiu-la-prim-plan-obiectiv_tvr-cluj-2","status":"publish","type":"post","link":"https:\/\/lett.ubbcluj.ro\/sembazuru\/de-ziua-internationala-a-scrisului-de-mana-rodica-frentiu-la-prim-plan-obiectiv_tvr-cluj-2\/","title":{"rendered":"De Ziua interna\u021bional\u0103 a scrisului de m\u00e2n\u0103, Rodica Fren\u021biu la PRIM-PLAN OBIECTIV_TVR Cluj"},"content":{"rendered":"<div class=\"vgblk-rw-wrapper limit-wrapper\">\n<p><div class=\"vamtam-video-frame\"><iframe title=\"PRIM-PLAN OBIECTIV, 23 ianuarie 2026\" width=\"1260\" height=\"709\" src=\"https:\/\/www.youtube.com\/embed\/qtAXw080WKQ?feature=oembed\" frameborder=\"0\" allow=\"accelerometer; autoplay; clipboard-write; encrypted-media; gyroscope; picture-in-picture; web-share\" referrerpolicy=\"strict-origin-when-cross-origin\" allowfullscreen><\/iframe><\/div>\n<\/p>\n<\/div>\n<p><!-- .vgblk-rw-wrapper --><\/p>\n","protected":false},"excerpt":{"rendered":"<p>TVR Cluj \u00b7 Prim-plan obiectiv \u00b7 Ianuarie 2026<\/p>\n","protected":false},"author":3,"featured_media":0,"comment_status":"closed","ping_status":"closed","sticky":false,"template":"","format":"standard","meta":{"footnotes":""},"categories":[183],"tags":[],"class_list":["post-991231","post","type-post","status-publish","format-standard","hentry","category-media-video"],"_links":{"self":[{"href":"https:\/\/lett.ubbcluj.ro\/sembazuru\/wp-json\/wp\/v2\/posts\/991231","targetHints":{"allow":["GET"]}}],"collection":[{"href":"https:\/\/lett.ubbcluj.ro\/sembazuru\/wp-json\/wp\/v2\/posts"}],"about":[{"href":"https:\/\/lett.ubbcluj.ro\/sembazuru\/wp-json\/wp\/v2\/types\/post"}],"author":[{"embeddable":true,"href":"https:\/\/lett.ubbcluj.ro\/sembazuru\/wp-json\/wp\/v2\/users\/3"}],"replies":[{"embeddable":true,"href":"https:\/\/lett.ubbcluj.ro\/sembazuru\/wp-json\/wp\/v2\/comments?post=991231"}],"version-history":[{"count":0,"href":"https:\/\/lett.ubbcluj.ro\/sembazuru\/wp-json\/wp\/v2\/posts\/991231\/revisions"}],"wp:attachment":[{"href":"https:\/\/lett.ubbcluj.ro\/sembazuru\/wp-json\/wp\/v2\/media?parent=991231"}],"wp:term":[{"taxonomy":"category","embeddable":true,"href":"https:\/\/lett.ubbcluj.ro\/sembazuru\/wp-json\/wp\/v2\/categories?post=991231"},{"taxonomy":"post_tag","embeddable":true,"href":"https:\/\/lett.ubbcluj.ro\/sembazuru\/wp-json\/wp\/v2\/tags?post=991231"}],"curies":[{"name":"wp","href":"https:\/\/api.w.org\/{rel}","templated":true}]}}